{"id":227684,"date":"2026-08-18T09:16:40","date_gmt":"2026-08-18T07:16:40","guid":{"rendered":"https:\/\/microbiome-center.nl\/?p=227684"},"modified":"2026-08-18T09:16:47","modified_gmt":"2026-08-18T07:16:47","slug":"19-ernaehrung-probiotika-und-einladung-long-covid","status":"publish","type":"post","link":"https:\/\/microbiome-center.nl\/de\/19-ernaehrung-probiotika-und-einladung-long-covid\/","title":{"rendered":"19: Ern\u00e4hrung &#038; Probiotika und Einladung Long-Covid"},"content":{"rendered":"\n<p class=\"wp-block-paragraph\"><strong>Ern\u00e4hrung und\/oder Probiotika: Wann ist der Einsatz am vielversprechendsten?<br><\/strong>Immer wieder werden wir gefragt, ob die Anpassung von Ern\u00e4hrung und Lebensstil nicht ausreicht, um das Mikrobiom zu regenerieren. Tats\u00e4chlich ist bekannt, dass eine Ern\u00e4hrungsumstellung innerhalb von ein bis wenigen Tagen die Zusammensetzung des Mikrobioms ver\u00e4ndern kann \u2013 \u00e4hnlich wie etwa Stressbelastung (1,2).<\/p>\n\n\n\n<p class=\"wp-block-paragraph\">Studien zeigen jedoch auch, dass die Effekte individuell sehr unterschiedlich ausfallen. So wie ein gesundes Mikrobiom widerstandsf\u00e4hig gegen\u00fcber St\u00f6rungen ist, kann auch ein gest\u00f6rtes Mikrobiom stabil bleiben und nur schwer durch Interventionen ver\u00e4ndert werden (3). Dies wird als&nbsp;<em>Stabilit\u00e4t<\/em>&nbsp;oder&nbsp;<em>Resilienz<\/em>&nbsp;bezeichnet (3,4,5).<\/p>\n\n\n\n<p class=\"wp-block-paragraph\">Das Mikrobiom ist ein komplexes \u00d6kosystem, vergleichbar mit einem Wald. Regen, ein Insektenbefall oder ein Waldbrand beeinflussen die Zusammensetzung der Vegetation, aber das \u00d6kosystem als Ganzes erholt sich in der Regel. In manchen F\u00e4llen sind die St\u00f6rungen jedoch so gravierend, dass das System nicht mehr in seinen urspr\u00fcnglichen gesunden Zustand zur\u00fcckfindet. Das Mikrobiom erreicht dann einen neuen stabilen, aber dysbiotischen Gleichgewichtszustand, der nur schwer in ein gesundes Gleichgewicht zur\u00fcckgef\u00fchrt werden kann (3).<\/p>\n\n\n\n<p class=\"wp-block-paragraph\">Wenn Ern\u00e4hrung und Lebensstil allein nicht ausreichen, kann eine personalisierte probiotische Intervention in Betracht gezogen werden, um den \u00dcbergang von einem ungesunden zu einem gesunden Gleichgewicht zu unterst\u00fctzen (4,6).<\/p>\n\n\n\n<p class=\"wp-block-paragraph\"><strong>PASC (Long Covid) und das Mikrobiom: Einladung zur Zusammenarbeit<\/strong><\/p>\n\n\n\n<p class=\"wp-block-paragraph\">In Wissensblitz #10 haben wir bereits auf den Zusammenhang zwischen COVID-19 und dem Darmmikrobiom hingewiesen (7). Inzwischen wurde weitere Forschung ver\u00f6ffentlicht, die die wichtige Rolle des Mikrobioms und der Darmpermeabilit\u00e4t unterstreicht (8). Es wird sogar vermutet, dass das Mikrobiom eine Rolle bei der Abwehr von Viren wie SARS-CoV-2 spielen k\u00f6nnte (9).<\/p>\n\n\n\n<p class=\"wp-block-paragraph\">In den letzten Monaten wurde deutlich, dass viele COVID-Patienten langanhaltende, postinfekti\u00f6se Beschwerden entwickeln. Auch wenn meist von&nbsp;<em>Long Covid<\/em>&nbsp;gesprochen wird, ist der Begriff \u201ePost-Acute Sequelae of COVID-19\u201c (PASC) pr\u00e4ziser (10).<\/p>\n\n\n\n<p class=\"wp-block-paragraph\">Postinfekti\u00f6se Beschwerden sind nicht einzigartig f\u00fcr COVID-19 \u2013 auch nach vielen bakteriellen oder viralen Infektionen treten bei einem Teil der Patienten chronische Symptome auf (10). Es gibt eine Vielzahl von Mechanismen, die bei PASC eine Rolle spielen k\u00f6nnten (eine ausgezeichnete \u00dcbersicht liefert Referenz 8). Einer dieser Mechanismen ist ein gest\u00f6rtes Darmmikrobiom.<\/p>\n\n\n\n<p class=\"wp-block-paragraph\">Wir vermuten, dass Mikrobiom-Interventionen in bestimmten F\u00e4llen den Genesungsprozess unterst\u00fctzen k\u00f6nnen. Wir sind neugierig auf Ihre Erfahrungen und m\u00f6chten gemeinsam mit Ihnen herausfinden, ob und wie eine Mikrobiom-Therapie zur Erholung von PASC beitragen kann.<\/p>\n\n\n\n<p class=\"wp-block-paragraph\">Haben Sie PASC-Patientinnen oder -Patienten in Ihrer Praxis, bei denen auch eine Mikrobiom-Dysbiose oder gastrointestinale Beschwerden eine Rolle spielen? Dann laden wir Sie herzlich ein, sich mit uns in Verbindung zu setzen und Ihre Erfahrungen mit uns zu teilen. Wenn Sie keine Zeit haben, etwas schriftlich zusammenzufassen, rufen wir Sie gerne an.<\/p>\n\n\n\n<p class=\"wp-block-paragraph\">Wir erstellen eine \u00dcbersicht \u00fcber die Fallberichte und Erfahrungen von Ihnen und Ihren Kolleginnen und Kollegen, um daraus neue Erkenntnisse zu gewinnen und mit allen Beteiligten zu teilen. Auf diese Weise k\u00f6nnen wir gemeinsam den Zyklus von Erfahrung \u2192 Wissen \u2192 Anwendung m\u00f6glichst kurz halten.<\/p>\n\n\n\n<p class=\"wp-block-paragraph\">Auch wenn Sie Anregungen haben, wie wir dieses Thema weiterverfolgen oder mit welchen Partnern wir zusammenarbeiten k\u00f6nnten, freuen wir uns auf Ihre Nachricht. Wir sind sehr gespannt, ob wir gemeinsam etwas in Bewegung bringen k\u00f6nnen.<\/p>\n\n\n\n<p class=\"wp-block-paragraph\"><strong>References:<\/strong><\/p>\n\n\n\n<ol class=\"wp-block-list\">\n<li><a href=\"https:\/\/doi.org\/10.1038\/nature12820\" target=\"_blank\" rel=\"noreferrer noopener\">https:\/\/doi.org\/10.1038\/nature12820<\/a><\/li>\n\n\n\n<li><a href=\"https:\/\/doi.org\/10.1371\/journal.pone.0129996\" target=\"_blank\" rel=\"noreferrer noopener\">https:\/\/doi.org\/10.1371\/journal.pone.0129996<\/a><\/li>\n\n\n\n<li><a href=\"https:\/\/doi.org\/10.1038\/nrmicro.2017.58\" target=\"_blank\" rel=\"noreferrer noopener\">https:\/\/doi.org\/10.1038\/nrmicro.2017.58<\/a><\/li>\n\n\n\n<li><a href=\"https:\/\/doi.org\/10.1136\/gutjnl-2020-321747\" target=\"_blank\" rel=\"noreferrer noopener\">https:\/\/doi.org\/10.1136\/gutjnl-2020-321747<\/a><\/li>\n\n\n\n<li><a href=\"https:\/\/doi.org\/10.1038\/nature11550\" target=\"_blank\" rel=\"noreferrer noopener\">https:\/\/doi.org\/10.1038\/nature11550<\/a><\/li>\n\n\n\n<li><a href=\"https:\/\/doi.org\/10.3389\/fmicb.2020.572921\" target=\"_blank\" rel=\"noreferrer noopener\">https:\/\/doi.org\/10.3389\/fmicb.2020.572921<\/a><\/li>\n\n\n\n<li><a href=\"https:\/\/dev.studioboszkers.nl\/microbiome-center\/de\/wissensblitze\/\" target=\"_blank\" rel=\"noreferrer noopener\">https:\/\/www.microbiome-center.nl\/Medici\/Kennisflits\/<\/a><\/li>\n\n\n\n<li><a href=\"https:\/\/doi.org\/10.3389\/fimmu.2021.708149\" target=\"_blank\" rel=\"noreferrer noopener\">https:\/\/doi.org\/10.3389\/fimmu.2021.708149<\/a><\/li>\n\n\n\n<li><a href=\"https:\/\/www.nationalgeographic.nl\/darmflora-zou-ingezet-kunnen-worden-in-strijd-tegen-virussen\" target=\"_blank\" rel=\"noreferrer noopener\">https:\/\/www.nationalgeographic.nl\/darmflora-zou-ingezet-kunnen-worden-in-strijd-tegen-virussen<\/a><\/li>\n\n\n\n<li><a href=\"https:\/\/doi.org\/10.3389\/fmicb.2021.698169\" target=\"_blank\" rel=\"noreferrer noopener\">https:\/\/doi.org\/10.3389\/fmicb.2021.698169<\/a><\/li>\n<\/ol>\n","protected":false},"excerpt":{"rendered":"<p>Ern\u00e4hrung und\/oder Probiotika: Wann ist der Einsatz am vielversprechendsten?Immer wieder werden wir gefragt, ob die Anpassung von Ern\u00e4hrung und Lebensstil nicht ausreicht, um das Mikrobiom zu regenerieren. Tats\u00e4chlich ist bekannt, dass eine Ern\u00e4hrungsumstellung innerhalb von ein bis wenigen Tagen die Zusammensetzung des Mikrobioms ver\u00e4ndern kann \u2013 \u00e4hnlich wie etwa Stressbelastung (1,2). Studien zeigen jedoch auch, [&hellip;]<\/p>\n","protected":false},"author":6,"featured_media":0,"comment_status":"closed","ping_status":"closed","sticky":false,"template":"","format":"standard","meta":{"_acf_changed":false,"footnotes":""},"categories":[31],"tags":[],"doelgroep":[105],"class_list":["post-227684","post","type-post","status-publish","format-standard","hentry","category-unkategorisiert","doelgroep-praktiker"],"acf":[],"yoast_head":"<!-- This site is optimized with the Yoast SEO plugin v28.2 - https:\/\/yoast.com\/product\/yoast-seo-wordpress\/ -->\n<title>19: Ern\u00e4hrung &amp; Probiotika und Einladung Long-Covid - Microbiome Center<\/title>\n<meta name=\"robots\" content=\"noindex, follow\" \/>\n<meta property=\"og:locale\" content=\"de_DE\" \/>\n<meta property=\"og:type\" content=\"article\" \/>\n<meta property=\"og:title\" content=\"19: Ern\u00e4hrung &amp; Probiotika und Einladung Long-Covid - Microbiome Center\" \/>\n<meta property=\"og:description\" content=\"Ern\u00e4hrung und\/oder Probiotika: Wann ist der Einsatz am vielversprechendsten?Immer wieder werden wir gefragt, ob die Anpassung von Ern\u00e4hrung und Lebensstil nicht ausreicht, um das Mikrobiom zu regenerieren. Tats\u00e4chlich ist bekannt, dass eine Ern\u00e4hrungsumstellung innerhalb von ein bis wenigen Tagen die Zusammensetzung des Mikrobioms ver\u00e4ndern kann \u2013 \u00e4hnlich wie etwa Stressbelastung (1,2). Studien zeigen jedoch auch, [&hellip;]\" \/>\n<meta property=\"og:url\" content=\"https:\/\/microbiome-center.nl\/de\/19-ernaehrung-probiotika-und-einladung-long-covid\/\" \/>\n<meta property=\"og:site_name\" content=\"Microbiome Center\" \/>\n<meta property=\"article:published_time\" content=\"2026-08-18T07:16:40+00:00\" \/>\n<meta property=\"article:modified_time\" content=\"2026-08-18T07:16:47+00:00\" \/>\n<meta name=\"author\" content=\"Henk Duinkerken\" \/>\n<meta name=\"twitter:card\" content=\"summary_large_image\" \/>\n<meta name=\"twitter:label1\" content=\"Verfasst von\" \/>\n\t<meta name=\"twitter:data1\" content=\"Henk Duinkerken\" \/>\n\t<meta name=\"twitter:label2\" content=\"Gesch\u00e4tzte Lesezeit\" \/>\n\t<meta name=\"twitter:data2\" content=\"3\u00a0Minuten\" \/>\n<script type=\"application\/ld+json\" class=\"yoast-schema-graph\">{\"@context\":\"https:\\\/\\\/schema.org\",\"@graph\":[{\"@type\":\"Article\",\"@id\":\"https:\\\/\\\/microbiome-center.nl\\\/de\\\/19-ernaehrung-probiotika-und-einladung-long-covid\\\/#article\",\"isPartOf\":{\"@id\":\"https:\\\/\\\/microbiome-center.nl\\\/de\\\/19-ernaehrung-probiotika-und-einladung-long-covid\\\/\"},\"author\":{\"name\":\"Henk Duinkerken\",\"@id\":\"https:\\\/\\\/microbiome-center.nl\\\/de\\\/#\\\/schema\\\/person\\\/5cde9902b8b7f8f1bd00c360f00ac625\"},\"headline\":\"19: Ern\u00e4hrung &#038; Probiotika und Einladung Long-Covid\",\"datePublished\":\"2026-08-18T07:16:40+00:00\",\"dateModified\":\"2026-08-18T07:16:47+00:00\",\"mainEntityOfPage\":{\"@id\":\"https:\\\/\\\/microbiome-center.nl\\\/de\\\/19-ernaehrung-probiotika-und-einladung-long-covid\\\/\"},\"wordCount\":583,\"articleSection\":[\"Unkategorisiert\"],\"inLanguage\":\"de\"},{\"@type\":\"WebPage\",\"@id\":\"https:\\\/\\\/microbiome-center.nl\\\/de\\\/19-ernaehrung-probiotika-und-einladung-long-covid\\\/\",\"url\":\"https:\\\/\\\/microbiome-center.nl\\\/de\\\/19-ernaehrung-probiotika-und-einladung-long-covid\\\/\",\"name\":\"19: Ern\u00e4hrung & Probiotika und Einladung Long-Covid - Microbiome Center\",\"isPartOf\":{\"@id\":\"https:\\\/\\\/microbiome-center.nl\\\/de\\\/#website\"},\"datePublished\":\"2026-08-18T07:16:40+00:00\",\"dateModified\":\"2026-08-18T07:16:47+00:00\",\"author\":{\"@id\":\"https:\\\/\\\/microbiome-center.nl\\\/de\\\/#\\\/schema\\\/person\\\/5cde9902b8b7f8f1bd00c360f00ac625\"},\"breadcrumb\":{\"@id\":\"https:\\\/\\\/microbiome-center.nl\\\/de\\\/19-ernaehrung-probiotika-und-einladung-long-covid\\\/#breadcrumb\"},\"inLanguage\":\"de\",\"potentialAction\":[{\"@type\":\"ReadAction\",\"target\":[\"https:\\\/\\\/microbiome-center.nl\\\/de\\\/19-ernaehrung-probiotika-und-einladung-long-covid\\\/\"]}]},{\"@type\":\"BreadcrumbList\",\"@id\":\"https:\\\/\\\/microbiome-center.nl\\\/de\\\/19-ernaehrung-probiotika-und-einladung-long-covid\\\/#breadcrumb\",\"itemListElement\":[{\"@type\":\"ListItem\",\"position\":1,\"name\":\"Home\",\"item\":\"https:\\\/\\\/microbiome-center.nl\\\/de\\\/\"},{\"@type\":\"ListItem\",\"position\":2,\"name\":\"19: Ern\u00e4hrung &#038; Probiotika und Einladung Long-Covid\"}]},{\"@type\":\"WebSite\",\"@id\":\"https:\\\/\\\/microbiome-center.nl\\\/de\\\/#website\",\"url\":\"https:\\\/\\\/microbiome-center.nl\\\/de\\\/\",\"name\":\"Microbiome Center\",\"description\":\"Nieuw licht op chronische klachten\",\"potentialAction\":[{\"@type\":\"SearchAction\",\"target\":{\"@type\":\"EntryPoint\",\"urlTemplate\":\"https:\\\/\\\/microbiome-center.nl\\\/de\\\/?s={search_term_string}\"},\"query-input\":{\"@type\":\"PropertyValueSpecification\",\"valueRequired\":true,\"valueName\":\"search_term_string\"}}],\"inLanguage\":\"de\"},{\"@type\":\"Person\",\"@id\":\"https:\\\/\\\/microbiome-center.nl\\\/de\\\/#\\\/schema\\\/person\\\/5cde9902b8b7f8f1bd00c360f00ac625\",\"name\":\"Henk Duinkerken\",\"image\":{\"@type\":\"ImageObject\",\"inLanguage\":\"de\",\"@id\":\"https:\\\/\\\/microbiome-center.nl\\\/wp-content\\\/litespeed\\\/avatar\\\/d28949657f11f375a56b5f2f9bfa8d15.jpg?ver=1788167343\",\"url\":\"https:\\\/\\\/microbiome-center.nl\\\/wp-content\\\/litespeed\\\/avatar\\\/d28949657f11f375a56b5f2f9bfa8d15.jpg?ver=1788167343\",\"contentUrl\":\"https:\\\/\\\/microbiome-center.nl\\\/wp-content\\\/litespeed\\\/avatar\\\/d28949657f11f375a56b5f2f9bfa8d15.jpg?ver=1788167343\",\"caption\":\"Henk Duinkerken\"},\"url\":\"https:\\\/\\\/microbiome-center.nl\\\/de\\\/author\\\/henk-duinkerken\\\/\"}]}<\/script>\n<!-- \/ Yoast SEO plugin. -->","yoast_head_json":{"title":"19: Ern\u00e4hrung & Probiotika und Einladung Long-Covid - Microbiome Center","robots":{"index":"noindex","follow":"follow"},"og_locale":"de_DE","og_type":"article","og_title":"19: Ern\u00e4hrung & Probiotika und Einladung Long-Covid - Microbiome Center","og_description":"Ern\u00e4hrung und\/oder Probiotika: Wann ist der Einsatz am vielversprechendsten?Immer wieder werden wir gefragt, ob die Anpassung von Ern\u00e4hrung und Lebensstil nicht ausreicht, um das Mikrobiom zu regenerieren. Tats\u00e4chlich ist bekannt, dass eine Ern\u00e4hrungsumstellung innerhalb von ein bis wenigen Tagen die Zusammensetzung des Mikrobioms ver\u00e4ndern kann \u2013 \u00e4hnlich wie etwa Stressbelastung (1,2). Studien zeigen jedoch auch, [&hellip;]","og_url":"https:\/\/microbiome-center.nl\/de\/19-ernaehrung-probiotika-und-einladung-long-covid\/","og_site_name":"Microbiome Center","article_published_time":"2026-08-18T07:16:40+00:00","article_modified_time":"2026-08-18T07:16:47+00:00","author":"Henk Duinkerken","twitter_card":"summary_large_image","twitter_misc":{"Verfasst von":"Henk Duinkerken","Gesch\u00e4tzte Lesezeit":"3\u00a0Minuten"},"schema":{"@context":"https:\/\/schema.org","@graph":[{"@type":"Article","@id":"https:\/\/microbiome-center.nl\/de\/19-ernaehrung-probiotika-und-einladung-long-covid\/#article","isPartOf":{"@id":"https:\/\/microbiome-center.nl\/de\/19-ernaehrung-probiotika-und-einladung-long-covid\/"},"author":{"name":"Henk Duinkerken","@id":"https:\/\/microbiome-center.nl\/de\/#\/schema\/person\/5cde9902b8b7f8f1bd00c360f00ac625"},"headline":"19: Ern\u00e4hrung &#038; Probiotika und Einladung Long-Covid","datePublished":"2026-08-18T07:16:40+00:00","dateModified":"2026-08-18T07:16:47+00:00","mainEntityOfPage":{"@id":"https:\/\/microbiome-center.nl\/de\/19-ernaehrung-probiotika-und-einladung-long-covid\/"},"wordCount":583,"articleSection":["Unkategorisiert"],"inLanguage":"de"},{"@type":"WebPage","@id":"https:\/\/microbiome-center.nl\/de\/19-ernaehrung-probiotika-und-einladung-long-covid\/","url":"https:\/\/microbiome-center.nl\/de\/19-ernaehrung-probiotika-und-einladung-long-covid\/","name":"19: Ern\u00e4hrung & Probiotika und Einladung Long-Covid - Microbiome Center","isPartOf":{"@id":"https:\/\/microbiome-center.nl\/de\/#website"},"datePublished":"2026-08-18T07:16:40+00:00","dateModified":"2026-08-18T07:16:47+00:00","author":{"@id":"https:\/\/microbiome-center.nl\/de\/#\/schema\/person\/5cde9902b8b7f8f1bd00c360f00ac625"},"breadcrumb":{"@id":"https:\/\/microbiome-center.nl\/de\/19-ernaehrung-probiotika-und-einladung-long-covid\/#breadcrumb"},"inLanguage":"de","potentialAction":[{"@type":"ReadAction","target":["https:\/\/microbiome-center.nl\/de\/19-ernaehrung-probiotika-und-einladung-long-covid\/"]}]},{"@type":"BreadcrumbList","@id":"https:\/\/microbiome-center.nl\/de\/19-ernaehrung-probiotika-und-einladung-long-covid\/#breadcrumb","itemListElement":[{"@type":"ListItem","position":1,"name":"Home","item":"https:\/\/microbiome-center.nl\/de\/"},{"@type":"ListItem","position":2,"name":"19: Ern\u00e4hrung &#038; Probiotika und Einladung Long-Covid"}]},{"@type":"WebSite","@id":"https:\/\/microbiome-center.nl\/de\/#website","url":"https:\/\/microbiome-center.nl\/de\/","name":"Microbiome Center","description":"Nieuw licht op chronische klachten","potentialAction":[{"@type":"SearchAction","target":{"@type":"EntryPoint","urlTemplate":"https:\/\/microbiome-center.nl\/de\/?s={search_term_string}"},"query-input":{"@type":"PropertyValueSpecification","valueRequired":true,"valueName":"search_term_string"}}],"inLanguage":"de"},{"@type":"Person","@id":"https:\/\/microbiome-center.nl\/de\/#\/schema\/person\/5cde9902b8b7f8f1bd00c360f00ac625","name":"Henk Duinkerken","image":{"@type":"ImageObject","inLanguage":"de","@id":"https:\/\/microbiome-center.nl\/wp-content\/litespeed\/avatar\/d28949657f11f375a56b5f2f9bfa8d15.jpg?ver=1788167343","url":"https:\/\/microbiome-center.nl\/wp-content\/litespeed\/avatar\/d28949657f11f375a56b5f2f9bfa8d15.jpg?ver=1788167343","contentUrl":"https:\/\/microbiome-center.nl\/wp-content\/litespeed\/avatar\/d28949657f11f375a56b5f2f9bfa8d15.jpg?ver=1788167343","caption":"Henk Duinkerken"},"url":"https:\/\/microbiome-center.nl\/de\/author\/henk-duinkerken\/"}]}},"_links":{"self":[{"href":"https:\/\/microbiome-center.nl\/de\/wp-json\/wp\/v2\/posts\/227684","targetHints":{"allow":["GET"]}}],"collection":[{"href":"https:\/\/microbiome-center.nl\/de\/wp-json\/wp\/v2\/posts"}],"about":[{"href":"https:\/\/microbiome-center.nl\/de\/wp-json\/wp\/v2\/types\/post"}],"author":[{"embeddable":true,"href":"https:\/\/microbiome-center.nl\/de\/wp-json\/wp\/v2\/users\/6"}],"replies":[{"embeddable":true,"href":"https:\/\/microbiome-center.nl\/de\/wp-json\/wp\/v2\/comments?post=227684"}],"version-history":[{"count":1,"href":"https:\/\/microbiome-center.nl\/de\/wp-json\/wp\/v2\/posts\/227684\/revisions"}],"predecessor-version":[{"id":227685,"href":"https:\/\/microbiome-center.nl\/de\/wp-json\/wp\/v2\/posts\/227684\/revisions\/227685"}],"wp:attachment":[{"href":"https:\/\/microbiome-center.nl\/de\/wp-json\/wp\/v2\/media?parent=227684"}],"wp:term":[{"taxonomy":"category","embeddable":true,"href":"https:\/\/microbiome-center.nl\/de\/wp-json\/wp\/v2\/categories?post=227684"},{"taxonomy":"post_tag","embeddable":true,"href":"https:\/\/microbiome-center.nl\/de\/wp-json\/wp\/v2\/tags?post=227684"},{"taxonomy":"doelgroep","embeddable":true,"href":"https:\/\/microbiome-center.nl\/de\/wp-json\/wp\/v2\/doelgroep?post=227684"}],"curies":[{"name":"wp","href":"https:\/\/api.w.org\/{rel}","templated":true}]}}